{"id":1402,"date":"2026-03-27T17:10:28","date_gmt":"2026-03-27T16:10:28","guid":{"rendered":"https:\/\/privatar.de\/?p=1402"},"modified":"2026-04-27T09:12:55","modified_gmt":"2026-04-27T07:12:55","slug":"privatar-bei-der-german-robotics-conference","status":"publish","type":"post","link":"https:\/\/privatar.de\/en\/privatar-bei-der-german-robotics-conference\/","title":{"rendered":"PRIVATAR at the German Robotics Conference"},"content":{"rendered":"<div class=\"wp-block-media-text has-media-on-the-right is-stacked-on-mobile\" style=\"grid-template-columns:auto 29%\"><div class=\"wp-block-media-text__content\">\n<p>Im M\u00e4rz 2026 waren Prof. Maren Bennewitz und Xuying aus Bonn gemeinsam auf der German Robotics Conference (GRC).<br><br>The German Robotics Conference brings together representatives from academia, industry, politics and start-ups to explore the latest developments in robotics and AI. It serves as a leading platform for fostering research collaboration, promoting innovation and accelerating technology transfer across Germany.<\/p>\n\n\n\n<p>We presented the PRIVATAR robot, which enables sick children to take part in distance learning. We also demonstrated a child-friendly user interface that allows users to see how a pupil interacts with the robot and the virtual learning environment, and to select an avatar to represent them if they do not wish to show their face.<br><br><\/p>\n<\/div><figure class=\"wp-block-media-text__media\"><img loading=\"lazy\" decoding=\"async\" width=\"682\" height=\"1024\" src=\"https:\/\/privatar.de\/wp-content\/uploads\/2026\/03\/GRC_1-2-682x1024.jpeg\" alt=\"\" class=\"wp-image-1409 size-full\" srcset=\"https:\/\/privatar.de\/wp-content\/uploads\/2026\/03\/GRC_1-2-682x1024.jpeg 682w, https:\/\/privatar.de\/wp-content\/uploads\/2026\/03\/GRC_1-2-200x300.jpeg 200w, https:\/\/privatar.de\/wp-content\/uploads\/2026\/03\/GRC_1-2-768x1153.jpeg 768w, https:\/\/privatar.de\/wp-content\/uploads\/2026\/03\/GRC_1-2-1023x1536.jpeg 1023w, https:\/\/privatar.de\/wp-content\/uploads\/2026\/03\/GRC_1-2-8x12.jpeg 8w, https:\/\/privatar.de\/wp-content\/uploads\/2026\/03\/GRC_1-2.jpeg 1066w\" sizes=\"auto, (max-width: 682px) 100vw, 682px\" \/><\/figure><\/div>\n\n\n\n<div class=\"wp-block-group is-nowrap is-layout-flex wp-container-core-group-is-layout-6c531013 wp-block-group-is-layout-flex\">\n<div class=\"wp-block-media-text is-stacked-on-mobile\" style=\"grid-template-columns:33% auto\"><figure class=\"wp-block-media-text__media\"><img loading=\"lazy\" decoding=\"async\" width=\"1204\" height=\"1600\" src=\"https:\/\/privatar.de\/wp-content\/uploads\/2026\/03\/GRC_3.jpeg\" alt=\"\" class=\"wp-image-1405 size-full\" srcset=\"https:\/\/privatar.de\/wp-content\/uploads\/2026\/03\/GRC_3.jpeg 1204w, https:\/\/privatar.de\/wp-content\/uploads\/2026\/03\/GRC_3-226x300.jpeg 226w, https:\/\/privatar.de\/wp-content\/uploads\/2026\/03\/GRC_3-771x1024.jpeg 771w, https:\/\/privatar.de\/wp-content\/uploads\/2026\/03\/GRC_3-768x1021.jpeg 768w, https:\/\/privatar.de\/wp-content\/uploads\/2026\/03\/GRC_3-1156x1536.jpeg 1156w, https:\/\/privatar.de\/wp-content\/uploads\/2026\/03\/GRC_3-9x12.jpeg 9w\" sizes=\"auto, (max-width: 1204px) 100vw, 1204px\" \/><\/figure><div class=\"wp-block-media-text__content\">\n<p><\/p>\n\n\n\n<p>We also demonstrated the \u2018privacy area feature\u2019: if the robot approaches this area, it automatically takes control and returns to the authorised area.<br><br>Thank you very much to the many visitors who have shown an interest in our project.<\/p>\n<\/div><\/div>\n\n\n\n<figure class=\"wp-block-image size-large is-style-default\"><img loading=\"lazy\" decoding=\"async\" width=\"1024\" height=\"682\" src=\"https:\/\/privatar.de\/wp-content\/uploads\/2026\/03\/GRC_2-1-1024x682.jpeg\" alt=\"\" class=\"wp-image-1408\" srcset=\"https:\/\/privatar.de\/wp-content\/uploads\/2026\/03\/GRC_2-1-1024x682.jpeg 1024w, https:\/\/privatar.de\/wp-content\/uploads\/2026\/03\/GRC_2-1-300x200.jpeg 300w, https:\/\/privatar.de\/wp-content\/uploads\/2026\/03\/GRC_2-1-768x512.jpeg 768w, https:\/\/privatar.de\/wp-content\/uploads\/2026\/03\/GRC_2-1-1536x1023.jpeg 1536w, https:\/\/privatar.de\/wp-content\/uploads\/2026\/03\/GRC_2-1-18x12.jpeg 18w, https:\/\/privatar.de\/wp-content\/uploads\/2026\/03\/GRC_2-1.jpeg 1600w\" sizes=\"auto, (max-width: 1024px) 100vw, 1024px\" \/><\/figure>\n<\/div>","protected":false},"excerpt":{"rendered":"<p>Im M\u00e4rz 2026 waren Prof. Maren Bennewitz und Xuying aus Bonn gemeinsam auf der German Robotics Conference (GRC). Die Deutsche Robotikkonferenz bringt Vertreter aus Wissenschaft, Industrie, Politik und Startups zusammen, um die neuesten Entwicklungen in Robotik und KI zu erkunden. Sie dient als f\u00fchrende Plattform zur F\u00f6rderung der Forschungskooperation, zur Innovationsf\u00f6rderung und zum beschleunigten Technologietransfer [&hellip;]<\/p>","protected":false},"author":4,"featured_media":0,"comment_status":"closed","ping_status":"open","sticky":false,"template":"","format":"standard","meta":{"_themeisle_gutenberg_block_has_review":false,"footnotes":""},"categories":[2],"tags":[],"class_list":["post-1402","post","type-post","status-publish","format-standard","hentry","category-news"],"_links":{"self":[{"href":"https:\/\/privatar.de\/en\/wp-json\/wp\/v2\/posts\/1402","targetHints":{"allow":["GET"]}}],"collection":[{"href":"https:\/\/privatar.de\/en\/wp-json\/wp\/v2\/posts"}],"about":[{"href":"https:\/\/privatar.de\/en\/wp-json\/wp\/v2\/types\/post"}],"author":[{"embeddable":true,"href":"https:\/\/privatar.de\/en\/wp-json\/wp\/v2\/users\/4"}],"replies":[{"embeddable":true,"href":"https:\/\/privatar.de\/en\/wp-json\/wp\/v2\/comments?post=1402"}],"version-history":[{"count":5,"href":"https:\/\/privatar.de\/en\/wp-json\/wp\/v2\/posts\/1402\/revisions"}],"predecessor-version":[{"id":1425,"href":"https:\/\/privatar.de\/en\/wp-json\/wp\/v2\/posts\/1402\/revisions\/1425"}],"wp:attachment":[{"href":"https:\/\/privatar.de\/en\/wp-json\/wp\/v2\/media?parent=1402"}],"wp:term":[{"taxonomy":"category","embeddable":true,"href":"https:\/\/privatar.de\/en\/wp-json\/wp\/v2\/categories?post=1402"},{"taxonomy":"post_tag","embeddable":true,"href":"https:\/\/privatar.de\/en\/wp-json\/wp\/v2\/tags?post=1402"}],"curies":[{"name":"wp","href":"https:\/\/api.w.org\/{rel}","templated":true}]}}