{"id":1415,"date":"2026-04-17T12:00:00","date_gmt":"2026-04-17T10:00:00","guid":{"rendered":"https:\/\/privatar.de\/?p=1415"},"modified":"2026-04-27T09:06:57","modified_gmt":"2026-04-27T07:06:57","slug":"privatar-im-forum-wissen-podcast","status":"publish","type":"post","link":"https:\/\/privatar.de\/en\/privatar-im-forum-wissen-podcast\/","title":{"rendered":"PRIVATAR in Forum Wissen Podcast"},"content":{"rendered":"<div class=\"wp-block-media-text has-media-on-the-right is-stacked-on-mobile\" style=\"grid-template-columns:auto 52%\"><div class=\"wp-block-media-text__content\">\n<p>The \u201cForum Wissen\u201d knowledge museum educates, reflects, discusses and generates knowledge. To make this knowledge accessible to as many people as possible, podcasts are recorded with scientists. Podcaster Eva V\u00f6lker and Luca Hern\u00e1ndez Acosta from our research project are preparing the next episode of the podcast series here.<\/p>\n\n\n\n<p>\u201cWhat does privacy mean?\u201d, \u201cWhat findings have emerged so far?\u201d and \u201cWhat is the project\u2019s contribution to society?\u201d are discussed and answered in the 16th episode of the podcast.<\/p>\n\n\n\n<p>Click here to listen to the podcast episode: <a href=\"https:\/\/www.forum-wissen.de\/podcast-und-mehr\/\">https:\/\/www.forum-wissen.de\/podcast-und-mehr\/<\/a><\/p>\n\n\n\n<p>We would like to thank Forum Wissen for their cooperation.<\/p>\n<\/div><figure class=\"wp-block-media-text__media\"><img loading=\"lazy\" decoding=\"async\" width=\"1024\" height=\"768\" src=\"https:\/\/privatar.de\/wp-content\/uploads\/2026\/04\/02_Podcast-1024x768.jpeg\" alt=\"\" class=\"wp-image-1416 size-full\" srcset=\"https:\/\/privatar.de\/wp-content\/uploads\/2026\/04\/02_Podcast-1024x768.jpeg 1024w, https:\/\/privatar.de\/wp-content\/uploads\/2026\/04\/02_Podcast-300x225.jpeg 300w, https:\/\/privatar.de\/wp-content\/uploads\/2026\/04\/02_Podcast-768x576.jpeg 768w, https:\/\/privatar.de\/wp-content\/uploads\/2026\/04\/02_Podcast-1536x1152.jpeg 1536w, https:\/\/privatar.de\/wp-content\/uploads\/2026\/04\/02_Podcast-16x12.jpeg 16w, https:\/\/privatar.de\/wp-content\/uploads\/2026\/04\/02_Podcast.jpeg 1600w\" sizes=\"auto, (max-width: 1024px) 100vw, 1024px\" \/><\/figure><\/div>","protected":false},"excerpt":{"rendered":"<p>Das Wissensmuseum &#8222;Forum Wissen&#8220; vermittelt, reflektiert, dikutiert und schafft Wissen. Um dieses Wissen vielen Menschen bereitzustellen, werden Podcasts mit Wissenschaftler*innen gef\u00fchrt. Podcasterin Eva V\u00f6lker und Luca Hern\u00e1ndez Acosta aus unserem Forschungsprojekt bereiten hier die n\u00e4chste Episode von der Podcastreihe vor. &#8222;Was bedeutet Privatsph\u00e4re?&#8220;, &#8222;Welche Erkenntnisse sind bereits zustande gekommen?&#8220; oder &#8222;Was ist der gesellschaftliche Beitrag [&hellip;]<\/p>","protected":false},"author":4,"featured_media":0,"comment_status":"closed","ping_status":"open","sticky":false,"template":"","format":"standard","meta":{"_themeisle_gutenberg_block_has_review":false,"footnotes":""},"categories":[2],"tags":[],"class_list":["post-1415","post","type-post","status-publish","format-standard","hentry","category-news"],"_links":{"self":[{"href":"https:\/\/privatar.de\/en\/wp-json\/wp\/v2\/posts\/1415","targetHints":{"allow":["GET"]}}],"collection":[{"href":"https:\/\/privatar.de\/en\/wp-json\/wp\/v2\/posts"}],"about":[{"href":"https:\/\/privatar.de\/en\/wp-json\/wp\/v2\/types\/post"}],"author":[{"embeddable":true,"href":"https:\/\/privatar.de\/en\/wp-json\/wp\/v2\/users\/4"}],"replies":[{"embeddable":true,"href":"https:\/\/privatar.de\/en\/wp-json\/wp\/v2\/comments?post=1415"}],"version-history":[{"count":5,"href":"https:\/\/privatar.de\/en\/wp-json\/wp\/v2\/posts\/1415\/revisions"}],"predecessor-version":[{"id":1424,"href":"https:\/\/privatar.de\/en\/wp-json\/wp\/v2\/posts\/1415\/revisions\/1424"}],"wp:attachment":[{"href":"https:\/\/privatar.de\/en\/wp-json\/wp\/v2\/media?parent=1415"}],"wp:term":[{"taxonomy":"category","embeddable":true,"href":"https:\/\/privatar.de\/en\/wp-json\/wp\/v2\/categories?post=1415"},{"taxonomy":"post_tag","embeddable":true,"href":"https:\/\/privatar.de\/en\/wp-json\/wp\/v2\/tags?post=1415"}],"curies":[{"name":"wp","href":"https:\/\/api.w.org\/{rel}","templated":true}]}}