{"id":1428,"date":"2026-04-27T10:00:00","date_gmt":"2026-04-27T08:00:00","guid":{"rendered":"https:\/\/privatar.de\/?p=1428"},"modified":"2026-04-27T16:54:15","modified_gmt":"2026-04-27T14:54:15","slug":"forum-wissen-ausstellung","status":"publish","type":"post","link":"https:\/\/privatar.de\/en\/forum-wissen-ausstellung\/","title":{"rendered":"Forum Wissen Ausstellung"},"content":{"rendered":"<h2 class=\"wp-block-heading\">PRIVATAR \u2013 Digitales ICH im Klassenzimmer<\/h2>\n\n\n\n<p><strong><strong>30. April 2026 \u2013 16. August 2026<\/strong><\/strong> <strong>| Freiraum Forum Wissen<\/strong><\/p>\n\n\n\n<div class=\"wp-block-media-text is-stacked-on-mobile\" style=\"grid-template-columns:41% auto\"><figure class=\"wp-block-media-text__media\"><img loading=\"lazy\" decoding=\"async\" width=\"800\" height=\"800\" src=\"https:\/\/privatar.de\/wp-content\/uploads\/2026\/04\/Poster-1.jpg\" alt=\"\" class=\"wp-image-1429 size-full\" srcset=\"https:\/\/privatar.de\/wp-content\/uploads\/2026\/04\/Poster-1.jpg 800w, https:\/\/privatar.de\/wp-content\/uploads\/2026\/04\/Poster-1-300x300.jpg 300w, https:\/\/privatar.de\/wp-content\/uploads\/2026\/04\/Poster-1-150x150.jpg 150w, https:\/\/privatar.de\/wp-content\/uploads\/2026\/04\/Poster-1-768x768.jpg 768w, https:\/\/privatar.de\/wp-content\/uploads\/2026\/04\/Poster-1-12x12.jpg 12w\" sizes=\"auto, (max-width: 800px) 100vw, 800px\" \/><\/figure><div class=\"wp-block-media-text__content\">\n<p>Das <a href=\"https:\/\/www.forum-wissen.de\/\" data-type=\"link\" data-id=\"https:\/\/www.forum-wissen.de\/\">Forum Wissen<\/a> ist Partner unseres Forschungsprojekts: <\/p>\n\n\n\n<p>In der dazu entstandenen immersiven Ausstellung laden wir Sie, liebe Besucher*innen, dazu ein, selbst in die Rolle des Roboters zu schl\u00fcpfen. Wie kann der Roboter die Schulaufgaben l\u00f6sen \u2013 und wie nah darf er dabei Mitsch\u00fcler*innen und Lehrkr\u00e4ften kommen? Was darf er sehen, was darf er h\u00f6ren \u2013 und was nicht?<\/p>\n\n\n\n<p>Gemeinsam mit dem <a href=\"https:\/\/www.linkedin.com\/company\/deutsches-theater-in-g\u00f6ttingen-gmbh\/\"><strong>Deutsches Theater G\u00f6ttingen<\/strong><\/a> (DT) pr\u00e4sentieren wir ab dem 29. April eine immersive Sonderausstellung. Regisseurin Pia Kr\u00f6ll und Szenograf Johannes Frei entwickelten daf\u00fcr gemeinsam mit Jugendlichen eine begehbare Inszenierung f\u00fcr unseren Freiraum. <\/p>\n<\/div><\/div>\n\n\n\n<div class=\"wp-block-columns is-layout-flex wp-container-core-columns-is-layout-28f84493 wp-block-columns-is-layout-flex\">\n<div class=\"wp-block-column is-layout-flow wp-block-column-is-layout-flow\" style=\"flex-basis:100%\">\n<div class=\"wp-block-group is-layout-constrained wp-block-group-is-layout-constrained\">\n<p>An ausgew\u00e4hlten Tagen wird der Ausstellungsraum zur B\u00fchne: Dann zeigt der Spielclub 12+ unter der Leitung von Pia Kr\u00f6ll und Gabriele Michel-Frei sein St\u00fcck \u201ePRIVATAR \u2013 Mission MiniBot\u201c. In der Inszenierung gehen Sie der Frage nach, ob ein Roboter dabei helfen kann, nicht den Anschluss zu verlieren. Gleichzeitig erkunden Sie, wie sich das Zusammenleben in der Klasse dadurch ver\u00e4ndert und welche neuen Spannungen, Missverst\u00e4ndnisse und Herausforderungen entstehen k\u00f6nnen. <\/p>\n<\/div>\n\n\n\n<p><\/p>\n\n\n\n<p><\/p>\n\n\n\n<div class=\"wp-block-group is-layout-constrained wp-block-group-is-layout-constrained\">\n<p>Rundg\u00e4nge durch die Ausstellung mit unserem Team an Kommunikator*innen und Expert*innen bieten wir regelm\u00e4\u00dfig an:<\/p>\n\n\n\n<p><strong>Samstags, 11.00-12.00 Uhr<br>Sonntags, 14:00-15:00 Uhr<\/strong><\/p>\n<\/div>\n\n\n\n<p><\/p>\n\n\n\n<p><\/p>\n\n\n\n<div class=\"wp-block-group is-layout-constrained wp-block-group-is-layout-constrained\">\n<p>Infos zu den F\u00fchrungen und weiteren Vermittlungsprogrammen finden Sie im <a href=\"https:\/\/www.forum-wissen.de\/kalender\/\" data-type=\"link\" data-id=\"https:\/\/www.forum-wissen.de\/kalender\/\">Veranstaltungskalender <\/a>des Forum Wissens oder auf folgender Seite: <a href=\"https:\/\/www.forum-wissen.de\/sonderausstellungen\/privatar\/\">https:\/\/www.forum-wissen.de\/sonderausstellungen\/privatar\/<\/a><\/p>\n<\/div>\n\n\n\n<p><\/p>\n\n\n\n<p><\/p>\n\n\n\n<div class=\"wp-block-group is-layout-constrained wp-block-group-is-layout-constrained\">\n<p>Hier informieren wir Sie rechtzeitig zu allen Veranstaltungen. Es werden laufend Termine erg\u00e4nzt.<\/p>\n<\/div>\n\n\n\n<p><\/p>\n\n\n\n<p><\/p>\n\n\n\n<div class=\"wp-block-group is-layout-constrained wp-block-group-is-layout-constrained\">\n<p>Wir bedanken uns f\u00fcr die Zusammenarbeit bei dem <a href=\"https:\/\/www.dt-goettingen.de\/\">Deutschen Theater G\u00f6ttingen<\/a> und das <a href=\"https:\/\/www.forum-wissen.de\/\" data-type=\"link\" data-id=\"https:\/\/www.forum-wissen.de\/\">Forum Wissen<\/a>. F\u00fcr die F\u00f6rderung der Ausstellung danken wir der Stiftung Niedersachsen, dem Nieders\u00e4chsischen Ministerium f\u00fcr Wissenschaft und Kultur (MWK) und dem Bundesministerium f\u00fcr Forschung, Technologie und Raumfahrt (BMFTR).<br><br><\/p>\n<\/div>\n<\/div>\n<\/div>","protected":false},"excerpt":{"rendered":"<p>PRIVATAR \u2013 Digitales ICH im Klassenzimmer 30. April 2026 \u2013 16. August 2026 | Freiraum Forum Wissen Das Forum Wissen ist Partner unseres Forschungsprojekts: In der dazu entstandenen immersiven Ausstellung laden wir Sie, liebe Besucher*innen, dazu ein, selbst in die Rolle des Roboters zu schl\u00fcpfen. Wie kann der Roboter die Schulaufgaben l\u00f6sen \u2013 und wie [&hellip;]<\/p>","protected":false},"author":4,"featured_media":0,"comment_status":"closed","ping_status":"open","sticky":false,"template":"","format":"standard","meta":{"_themeisle_gutenberg_block_has_review":false,"footnotes":""},"categories":[2],"tags":[],"class_list":["post-1428","post","type-post","status-publish","format-standard","hentry","category-news"],"_links":{"self":[{"href":"https:\/\/privatar.de\/en\/wp-json\/wp\/v2\/posts\/1428","targetHints":{"allow":["GET"]}}],"collection":[{"href":"https:\/\/privatar.de\/en\/wp-json\/wp\/v2\/posts"}],"about":[{"href":"https:\/\/privatar.de\/en\/wp-json\/wp\/v2\/types\/post"}],"author":[{"embeddable":true,"href":"https:\/\/privatar.de\/en\/wp-json\/wp\/v2\/users\/4"}],"replies":[{"embeddable":true,"href":"https:\/\/privatar.de\/en\/wp-json\/wp\/v2\/comments?post=1428"}],"version-history":[{"count":24,"href":"https:\/\/privatar.de\/en\/wp-json\/wp\/v2\/posts\/1428\/revisions"}],"predecessor-version":[{"id":1456,"href":"https:\/\/privatar.de\/en\/wp-json\/wp\/v2\/posts\/1428\/revisions\/1456"}],"wp:attachment":[{"href":"https:\/\/privatar.de\/en\/wp-json\/wp\/v2\/media?parent=1428"}],"wp:term":[{"taxonomy":"category","embeddable":true,"href":"https:\/\/privatar.de\/en\/wp-json\/wp\/v2\/categories?post=1428"},{"taxonomy":"post_tag","embeddable":true,"href":"https:\/\/privatar.de\/en\/wp-json\/wp\/v2\/tags?post=1428"}],"curies":[{"name":"wp","href":"https:\/\/api.w.org\/{rel}","templated":true}]}}