{"id":1457,"date":"2026-04-30T17:32:37","date_gmt":"2026-04-30T15:32:37","guid":{"rendered":"https:\/\/privatar.de\/?p=1457"},"modified":"2026-04-30T17:32:55","modified_gmt":"2026-04-30T15:32:55","slug":"konsortiumstreffen-in-goettingen","status":"publish","type":"post","link":"https:\/\/privatar.de\/en\/konsortiumstreffen-in-goettingen\/","title":{"rendered":"Konsortiumstreffen in G\u00f6ttingen"},"content":{"rendered":"<div class=\"wp-block-media-text has-media-on-the-right is-stacked-on-mobile\" style=\"grid-template-columns:auto 56%\"><div class=\"wp-block-media-text__content\">\n<p>Am 29. April 2026 fand das PRIVATAR-Konsortiumstreffen in G\u00f6ttingen statt. Nachdem die offizielle Er\u00f6ffnung der Ausstellung im <a href=\"https:\/\/www.forum-wissen.de\/\" data-type=\"link\" data-id=\"https:\/\/www.forum-wissen.de\/\">Forum Wissen<\/a> durchgef\u00fchrt wurde, wurden Reden \u00fcber den ganzen Prozess und Arbeitsaufwand gehalten, ebenso wurde auch Feedback gegeben.<\/p>\n\n\n\n<p>The meeting provided all participants with a valuable opportunity to exchange ideas and work together to further develop the project\u2019s objectives. We would like to thank all our partners for their constructive cooperation and ongoing commitment to the success of the project.<\/p>\n<\/div><figure class=\"wp-block-media-text__media\"><img loading=\"lazy\" decoding=\"async\" width=\"1024\" height=\"619\" src=\"https:\/\/privatar.de\/wp-content\/uploads\/2026\/04\/IMG_0438_2-1024x619.jpg\" alt=\"\" class=\"wp-image-1458 size-full\" srcset=\"https:\/\/privatar.de\/wp-content\/uploads\/2026\/04\/IMG_0438_2-1024x619.jpg 1024w, https:\/\/privatar.de\/wp-content\/uploads\/2026\/04\/IMG_0438_2-300x181.jpg 300w, https:\/\/privatar.de\/wp-content\/uploads\/2026\/04\/IMG_0438_2-768x464.jpg 768w, https:\/\/privatar.de\/wp-content\/uploads\/2026\/04\/IMG_0438_2-1536x928.jpg 1536w, https:\/\/privatar.de\/wp-content\/uploads\/2026\/04\/IMG_0438_2-2048x1238.jpg 2048w, https:\/\/privatar.de\/wp-content\/uploads\/2026\/04\/IMG_0438_2-18x12.jpg 18w\" sizes=\"auto, (max-width: 1024px) 100vw, 1024px\" \/><\/figure><\/div>","protected":false},"excerpt":{"rendered":"<p>Am 29. April 2026 fand das PRIVATAR-Konsortiumstreffen in G\u00f6ttingen statt. Nachdem die offizielle Er\u00f6ffnung der Ausstellung im Forum Wissen durchgef\u00fchrt wurde, wurden Reden \u00fcber den ganzen Prozess und Arbeitsaufwand gehalten, ebenso wurde auch Feedback gegeben. Das Treffen bot allen Beteiligten eine wertvolle Gelegenheit zum Austausch und zur gemeinsamen Weiterentwicklung der Projektziele. Wir danken allen Partnern [&hellip;]<\/p>","protected":false},"author":4,"featured_media":0,"comment_status":"closed","ping_status":"open","sticky":false,"template":"","format":"standard","meta":{"_themeisle_gutenberg_block_has_review":false,"footnotes":""},"categories":[2],"tags":[],"class_list":["post-1457","post","type-post","status-publish","format-standard","hentry","category-news"],"_links":{"self":[{"href":"https:\/\/privatar.de\/en\/wp-json\/wp\/v2\/posts\/1457","targetHints":{"allow":["GET"]}}],"collection":[{"href":"https:\/\/privatar.de\/en\/wp-json\/wp\/v2\/posts"}],"about":[{"href":"https:\/\/privatar.de\/en\/wp-json\/wp\/v2\/types\/post"}],"author":[{"embeddable":true,"href":"https:\/\/privatar.de\/en\/wp-json\/wp\/v2\/users\/4"}],"replies":[{"embeddable":true,"href":"https:\/\/privatar.de\/en\/wp-json\/wp\/v2\/comments?post=1457"}],"version-history":[{"count":5,"href":"https:\/\/privatar.de\/en\/wp-json\/wp\/v2\/posts\/1457\/revisions"}],"predecessor-version":[{"id":1463,"href":"https:\/\/privatar.de\/en\/wp-json\/wp\/v2\/posts\/1457\/revisions\/1463"}],"wp:attachment":[{"href":"https:\/\/privatar.de\/en\/wp-json\/wp\/v2\/media?parent=1457"}],"wp:term":[{"taxonomy":"category","embeddable":true,"href":"https:\/\/privatar.de\/en\/wp-json\/wp\/v2\/categories?post=1457"},{"taxonomy":"post_tag","embeddable":true,"href":"https:\/\/privatar.de\/en\/wp-json\/wp\/v2\/tags?post=1457"}],"curies":[{"name":"wp","href":"https:\/\/api.w.org\/{rel}","templated":true}]}}